{"id":6345,"date":"2017-09-28T10:32:00","date_gmt":"2017-09-28T08:32:00","guid":{"rendered":"http:\/\/ozono.youelba.com\/congresso-mondiale-di-ozono-terapia-in-medicina-odontoiatria-e-veterinaria-ancona\/"},"modified":"2023-08-28T11:10:31","modified_gmt":"2023-08-28T09:10:31","slug":"congreso-mundial-de-ozono-terapia-en-medicina-odontoiatria-y-veterinaria-ancona","status":"publish","type":"post","link":"https:\/\/www.ozono-hb.it\/es\/congreso-mundial-de-ozono-terapia-en-medicina-odontoiatria-y-veterinaria-ancona\/","title":{"rendered":"Congreso mundial de ozono terapia en medicina, odontoiatria y veterinaria \u2013 Ancona"},"content":{"rendered":"\t\t<div data-elementor-type=\"wp-post\" data-elementor-id=\"6345\" class=\"elementor elementor-6345 elementor-3756\" data-elementor-post-type=\"post\">\n\t\t\t\t\t\t<section class=\"elementor-section elementor-top-section elementor-element elementor-element-cebeb46 elementor-section-boxed elementor-section-height-default elementor-section-height-default\" data-id=\"cebeb46\" data-element_type=\"section\">\n\t\t\t\t\t\t<div class=\"elementor-container elementor-column-gap-extended\">\n\t\t\t\t\t<div class=\"elementor-column elementor-col-100 elementor-top-column elementor-element elementor-element-c3d8a29\" data-id=\"c3d8a29\" data-element_type=\"column\">\n\t\t\t<div class=\"elementor-widget-wrap elementor-element-populated\">\n\t\t\t\t\t\t<section class=\"elementor-section elementor-inner-section elementor-element elementor-element-235e4ce elementor-section-boxed elementor-section-height-default elementor-section-height-default\" data-id=\"235e4ce\" data-element_type=\"section\">\n\t\t\t\t\t\t<div class=\"elementor-container elementor-column-gap-extended\">\n\t\t\t\t\t<div class=\"elementor-column elementor-col-100 elementor-inner-column elementor-element elementor-element-2995948\" data-id=\"2995948\" data-element_type=\"column\">\n\t\t\t<div class=\"elementor-widget-wrap elementor-element-populated\">\n\t\t\t\t\t\t<div class=\"elementor-element elementor-element-0459021 elementor-widget elementor-widget-text-editor\" data-id=\"0459021\" data-element_type=\"widget\" data-widget_type=\"text-editor.default\">\n\t\t\t\t<div class=\"elementor-widget-container\">\n\t\t\t\t\t\t\t\t\t<p>Organizado por la F.I.O. \u2013 Federazione Italiana Ossigeno-Ozonoterapia y presidido por el prof. Lamberto Re, se celebr\u00f3 los d\u00edas 22-23-24 de septiembre de 2017 el Congreso mundial de los m\u00e9dicos Ozonoterapeutas, en la Mole Vanvitelliana de Ancona, hist\u00f3rico edificio del siglo XVII.<\/p>\t\t\t\t\t\t\t\t<\/div>\n\t\t\t\t<\/div>\n\t\t\t\t<div class=\"elementor-element elementor-element-d6bf11c elementor-widget elementor-widget-text-editor\" data-id=\"d6bf11c\" data-element_type=\"widget\" data-widget_type=\"text-editor.default\">\n\t\t\t\t<div class=\"elementor-widget-container\">\n\t\t\t\t\t\t\t\t\t<p>Nuestra empresa particip\u00f3 con su propio stand, pudiendo as\u00ed dar a conocer y dejar probar la l\u00ednea dermocosm\u00e9tica <strong>OZONO Health &amp; Beauty<\/strong> a los aproximadamente 250 m\u00e9dicos presentes, procedentes de 29 pa\u00edses del mundo.<\/p>\t\t\t\t\t\t\t\t<\/div>\n\t\t\t\t<\/div>\n\t\t\t\t<div class=\"elementor-element elementor-element-c35c7cc elementor-widget elementor-widget-text-editor\" data-id=\"c35c7cc\" data-element_type=\"widget\" data-widget_type=\"text-editor.default\">\n\t\t\t\t<div class=\"elementor-widget-container\">\n\t\t\t\t\t\t\t\t\tLos productos han recibido un gran inter\u00e9s por parte de los m\u00e9dicos especializados, los cuales conocen de forma altamente profesional y cient\u00edfica las numerosas propiedades terap\u00e9uticas del ozono. Este elemento natural, de hecho, brinda excelentes beneficios para la epidermis, renovando el tejido celular, reactivando el microc\u00edrculo, y estimulando la producci\u00f3n de col\u00e1geno y elastina, etc. El aceite ozonizado, utilizado como principio activo en toda nuestra gama de productos y sabiamente mezclado con espec\u00edficos ingredientes de alta cosm\u00e9tica, permite la progresiva liberaci\u00f3n de ozonuros, capaces de realizar una recuperaci\u00f3n biol\u00f3gica de la piel.\t\t\t\t\t\t\t\t<\/div>\n\t\t\t\t<\/div>\n\t\t\t\t<div class=\"elementor-element elementor-element-2372f4a elementor-widget elementor-widget-text-editor\" data-id=\"2372f4a\" data-element_type=\"widget\" data-widget_type=\"text-editor.default\">\n\t\t\t\t<div class=\"elementor-widget-container\">\n\t\t\t\t\t\t\t\t\tFue apreciado la \u00faltima creaci\u00f3n de nuestra l\u00ednea, OliOzono: loci\u00f3n aceitosa con alta concentraci\u00f3n de aceite de oliva ozonizado, ideal para favorecer de forma natural la cicatrizaci\u00f3n de la piel, la reparaci\u00f3n de lesiones causadas por quemaduras y tambi\u00e9n para las quemaduras solares o las dermatitis, etc.\t\t\t\t\t\t\t\t<\/div>\n\t\t\t\t<\/div>\n\t\t\t\t<div class=\"elementor-element elementor-element-ad0bdde elementor-widget elementor-widget-text-editor\" data-id=\"ad0bdde\" data-element_type=\"widget\" data-widget_type=\"text-editor.default\">\n\t\t\t\t<div class=\"elementor-widget-container\">\n\t\t\t\t\t\t\t\t\t<p>El \u00e9xito obtenido en esta ocasi\u00f3n fue una confirmaci\u00f3n m\u00e1s de haber elegido una filosof\u00eda altamente novedosa, cuyos resultados superan la tradicional cosm\u00e9tica y nos permiten situarnos entre los principales productores de cosmec\u00e9utica.<\/p>\t\t\t\t\t\t\t\t<\/div>\n\t\t\t\t<\/div>\n\t\t\t\t<div class=\"elementor-element elementor-element-fa50189 elementor-widget elementor-widget-image\" data-id=\"fa50189\" data-element_type=\"widget\" data-widget_type=\"image.default\">\n\t\t\t\t<div class=\"elementor-widget-container\">\n\t\t\t\t\t\t\t\t\t\t\t\t\t\t\t<img fetchpriority=\"high\" decoding=\"async\" width=\"540\" height=\"960\" src=\"data:image\/gif;base64,R0lGODlhAQABAIAAAAAAAP\/\/\/yH5BAEAAAAALAAAAAABAAEAAAIBRAA7\" srcset=\"\" data-gaussholder=\"AAwDAQACEQMRAD8AyfDnhybX9QS1tGUyyAkK+0AY9\/oDXxN5N2R9S2krs9X0r4Y6oI0DvZqw7+Zn9MVUaU73M3Wge1\/DfwrLpD5ufImUrglTn9MV9Lgas4xcWeFjIwqtaHpf2eEHiJP++RXo80u5wewor7C+5B9mh\/54x\/8AfIo5pdw+r0f5F9yPiH4dKIPEulRtFt2bwHxjIaM\/1r4Wm25n11TSB9CWgI67hn0BrvR5zZtRahfaZaibT0E0i7jtccEBGPP5V3YecoyVtTlqpNPWxpeCfGzeJp7iCfZ5kS7gUjZQcEZ69eor06NZVb6Wsc06U6TV3dM7Ougg+DPBusIfEejqyxsfPVQ2BwWyMj6\/1r4SkrSPqavwM6PSfjVfR\/Ey803VhZW\/hhZ5rWOVnKvG0Q5kZicbSVYY7Aj0NexGMXGyve1\/+AebKnJQ9p0vY9+j8XaV4etI9U1W6SPTADI1wG3Ls8tjkYznIHGPWt8PLkqJProcdRXi32PnLV\/ju3wt8d3E2ixDUEuTuu7edimIjyqjk4Y5BzjsOOTn2aGH5Jyvszkq1W6aXVHZ\/wDDcmgf9Czef+Baf\/E12+xj\/N+H\/BOT2tT+X8f+AeGaFqJi1rRXj2q5uotr9VyWA9a\/PKUbSPs670dzwy41U6pFqt9PfRWxCsZYZZTuM5VgSFAOSTxn359a+rp4dxkl2\/I8eeJThY+k18Z2kX7NPhy4\/e3MdpJa290jLgkCTa6j1GMj6Vg4NY1J97\/gzKD\/AHTa6r9TwTxxZ3t7pFv40u9X0y8uNXvWae2gvRJNBvyVVo8ZTG1up6FcV9AtWea2cR9sf+8auwtD7gf+07wxw6X4Lmt7kIjlbiS2gMYcNt3fMSD8h9xiviKOHa0PeqVE9bnzsf2UvG+t6jey6ZZbX2eagncIpdmyV3HAwAeozn27fUYeVSq+XlseZXVKlHn57+X5kWr+KZ\/B\/g+1+H+vaWxuNM1FkvJIL2OYSSK8nCoOgDleSedvHWhUv9pc5PYmMv3KstzxEqbiY8kANgV2RV2YS0RsfZG9R+ddnszn9oz9Kb1FTX7i6nMUEcqW8fmebjLRO7cD0+cj3zivkXObhdqyWn4anppR5rLX+tDx\/wAd\/E7TfDWprZ6prb3sU0ZdDbRwytbPuOUcPuLA5GMFTweucj6KNaEoaLVHiYXD1qStKV07v73+h4n47+K2l+LY7SCC0ntIonNy5DHH2kEkMASRtOQD0x1HTmanJUlz\/aO2jGpTi4PZnl\/h\/wAF6vrNxJ9ms5IraACSa5lRljjBGU3Njjdxj1z6c1LrQo2cjeFGdb3YnWf8K28Rf9A1vzFdv1uh3MvqVf8ApowNe+JHifxUSfEGuXt9z9x5iEH0QcD8q8tRS6HSklqjm3uG43E+o5qkMgluSEfAJB71cSGfbPw98QWmseBvC+h6bIou7qwUMdm4R7YyTkep215FWm6mKk10V\/uOqnNUsOr9X+bO1\/4QHUv+g3d\/ktdd6vZHPzw7s\/OtWO4c9q6RoR2PzfhQhDHOYm9\/\/r1RJ9AfB29uYbLSpbadoJ4LaRopVAJRgrYIyCOPcEUYWKljLPqn+Rlim1hL+a\/M9D\/4Wr41\/wChhl\/8A7b\/AON17H1emeX7WR\/\/2Q==,33,60\" data-gaussholder-size=\"540,960,16\" data-originalsrc=\"https:\/\/www.ozono-hb.it\/wp-content\/uploads\/2023\/06\/evento-ancona.jpg\" class=\"attachment-large size-large wp-image-6321\" alt=\"\" data-originalsrcset=\"https:\/\/www.ozono-hb.it\/wp-content\/uploads\/2023\/06\/evento-ancona.jpg 540w, https:\/\/www.ozono-hb.it\/wp-content\/uploads\/2023\/06\/evento-ancona-400x711.jpg 400w, https:\/\/www.ozono-hb.it\/wp-content\/uploads\/2023\/06\/evento-ancona-338x600.jpg 338w, https:\/\/www.ozono-hb.it\/wp-content\/uploads\/2023\/06\/evento-ancona-169x300.jpg 169w\" sizes=\"(max-width: 540px) 100vw, 540px\" data-gaussholder-id=\"6321\" \/>\t\t\t\t\t\t\t\t\t\t\t\t\t\t\t<\/div>\n\t\t\t\t<\/div>\n\t\t\t\t\t<\/div>\n\t\t<\/div>\n\t\t\t\t\t<\/div>\n\t\t<\/section>\n\t\t        \t\t\t<\/div>\n\t\t<\/div>\n\t\t\t\t\t<\/div>\n\t\t<\/section>\n\t\t        \t\t<\/div>\n\t\t","protected":false},"excerpt":{"rendered":"<p>El Congreso Mundial de Ozonoterapeutas se celebr\u00f3 los d\u00edas 22, 23 y 24 de septiembre de 2017 en las instalaciones del siglo XVIII de la Mole Vanvitelliana de Ancona.<\/p>\n","protected":false},"author":4,"featured_media":6324,"comment_status":"open","ping_status":"open","sticky":false,"template":"","format":"standard","meta":{"_acf_changed":false,"footnotes":""},"categories":[177],"tags":[],"class_list":["post-6345","post","type-post","status-publish","format-standard","has-post-thumbnail","hentry","category-eventos"],"acf":[],"_links":{"self":[{"href":"https:\/\/www.ozono-hb.it\/es\/wp-json\/wp\/v2\/posts\/6345","targetHints":{"allow":["GET"]}}],"collection":[{"href":"https:\/\/www.ozono-hb.it\/es\/wp-json\/wp\/v2\/posts"}],"about":[{"href":"https:\/\/www.ozono-hb.it\/es\/wp-json\/wp\/v2\/types\/post"}],"author":[{"embeddable":true,"href":"https:\/\/www.ozono-hb.it\/es\/wp-json\/wp\/v2\/users\/4"}],"replies":[{"embeddable":true,"href":"https:\/\/www.ozono-hb.it\/es\/wp-json\/wp\/v2\/comments?post=6345"}],"version-history":[{"count":5,"href":"https:\/\/www.ozono-hb.it\/es\/wp-json\/wp\/v2\/posts\/6345\/revisions"}],"predecessor-version":[{"id":6350,"href":"https:\/\/www.ozono-hb.it\/es\/wp-json\/wp\/v2\/posts\/6345\/revisions\/6350"}],"wp:featuredmedia":[{"embeddable":true,"href":"https:\/\/www.ozono-hb.it\/es\/wp-json\/wp\/v2\/media\/6324"}],"wp:attachment":[{"href":"https:\/\/www.ozono-hb.it\/es\/wp-json\/wp\/v2\/media?parent=6345"}],"wp:term":[{"taxonomy":"category","embeddable":true,"href":"https:\/\/www.ozono-hb.it\/es\/wp-json\/wp\/v2\/categories?post=6345"},{"taxonomy":"post_tag","embeddable":true,"href":"https:\/\/www.ozono-hb.it\/es\/wp-json\/wp\/v2\/tags?post=6345"}],"curies":[{"name":"wp","href":"https:\/\/api.w.org\/{rel}","templated":true}]}}