{"id":5908,"date":"2015-04-22T09:57:00","date_gmt":"2015-04-22T07:57:00","guid":{"rendered":"http:\/\/ozono.youelba.com\/apertura-nuovo-negozio-ozono-health-beauty-a-porto-azzurro\/"},"modified":"2023-08-25T11:33:01","modified_gmt":"2023-08-25T09:33:01","slug":"ouverture-du-nouveau-magasin-ozono-health-beauty-a-porto-azzurro","status":"publish","type":"post","link":"https:\/\/www.ozono-hb.it\/fr\/ouverture-du-nouveau-magasin-ozono-health-beauty-a-porto-azzurro\/","title":{"rendered":"Ouverture du nouveau magasin \u00ab\u00a0OZONO Health &amp; Beauty\u00a0\u00bb \u00e0 Porto Azzurro"},"content":{"rendered":"\t\t<div data-elementor-type=\"wp-post\" data-elementor-id=\"5908\" class=\"elementor elementor-5908 elementor-3696\" data-elementor-post-type=\"post\">\n\t\t\t\t\t\t<section class=\"elementor-section elementor-top-section elementor-element elementor-element-cebeb46 elementor-section-boxed elementor-section-height-default elementor-section-height-default\" data-id=\"cebeb46\" data-element_type=\"section\">\n\t\t\t\t\t\t<div class=\"elementor-container elementor-column-gap-extended\">\n\t\t\t\t\t<div class=\"elementor-column elementor-col-100 elementor-top-column elementor-element elementor-element-c3d8a29\" data-id=\"c3d8a29\" data-element_type=\"column\">\n\t\t\t<div class=\"elementor-widget-wrap elementor-element-populated\">\n\t\t\t\t\t\t<section class=\"elementor-section elementor-inner-section elementor-element elementor-element-235e4ce elementor-section-boxed elementor-section-height-default elementor-section-height-default\" data-id=\"235e4ce\" data-element_type=\"section\">\n\t\t\t\t\t\t<div class=\"elementor-container elementor-column-gap-extended\">\n\t\t\t\t\t<div class=\"elementor-column elementor-col-100 elementor-inner-column elementor-element elementor-element-2995948\" data-id=\"2995948\" data-element_type=\"column\">\n\t\t\t<div class=\"elementor-widget-wrap elementor-element-populated\">\n\t\t\t\t\t\t<div class=\"elementor-element elementor-element-0459021 elementor-widget elementor-widget-text-editor\" data-id=\"0459021\" data-element_type=\"widget\" data-widget_type=\"text-editor.default\">\n\t\t\t\t<div class=\"elementor-widget-container\">\n\t\t\t\t\t\t\t\t\t<p>La soci\u00e9t\u00e9 de Portoferraio <strong>TOSCANA DREAM Srl<\/strong> &#8211; propri\u00e9taire de la ligne dermocosm\u00e9tique \u201c<strong>OZONO Health &amp; Beauty<\/strong>\u201d &#8211; qui a du succ\u00e8s sur le march\u00e9 national et international pour la qualit\u00e9 des produits et son concept innovant dans le domaine de la beaut\u00e9 et du bien-\u00eatre, exploite les excellentes propri\u00e9t\u00e9s naturelles de l&rsquo;oxyg\u00e8ne actif.<\/p>\t\t\t\t\t\t\t\t<\/div>\n\t\t\t\t<\/div>\n\t\t\t\t<div class=\"elementor-element elementor-element-d6bf11c elementor-widget elementor-widget-text-editor\" data-id=\"d6bf11c\" data-element_type=\"widget\" data-widget_type=\"text-editor.default\">\n\t\t\t\t<div class=\"elementor-widget-container\">\n\t\t\t\t\t\t\t\t\tUn autre brand de l&rsquo;\u00eele d&rsquo;Elbe qui se distingue et contribue \u00e0 enrichir l&rsquo;image de notre territoire, qui vit du tourisme mais aussi de son excellence locale dans les diff\u00e9rents secteurs, du vin et de la gastronomie, du fashion et de la mode, des cosm\u00e9tiques et de l\u2019artisanat cr\u00e9atif.\t\t\t\t\t\t\t\t<\/div>\n\t\t\t\t<\/div>\n\t\t\t\t<div class=\"elementor-element elementor-element-c35c7cc elementor-widget elementor-widget-text-editor\" data-id=\"c35c7cc\" data-element_type=\"widget\" data-widget_type=\"text-editor.default\">\n\t\t\t\t<div class=\"elementor-widget-container\">\n\t\t\t\t\t\t\t\t\t<p>Demain samedi 23 avril aura lieu l&rsquo;inauguration du nouveau magasin <strong>OZONO Health &amp; Beauty<\/strong> \u00e0 Porto Azzurro, dans la Via Vitaliani 16, avec une double entr\u00e9e sur la Via d&rsquo;Alarcon.<\/p>\t\t\t\t\t\t\t\t<\/div>\n\t\t\t\t<\/div>\n\t\t\t\t<div class=\"elementor-element elementor-element-2372f4a elementor-widget elementor-widget-text-editor\" data-id=\"2372f4a\" data-element_type=\"widget\" data-widget_type=\"text-editor.default\">\n\t\t\t\t<div class=\"elementor-widget-container\">\n\t\t\t\t\t\t\t\t\t<p>De 11h00 \u00e0 13h00, les propri\u00e9taires seront heureux de recevoir des amis et des clients pour un drink de bonne chance, qui aura lieu au Bar Corsetti adjacent.<\/p>\t\t\t\t\t\t\t\t<\/div>\n\t\t\t\t<\/div>\n\t\t\t\t\t<\/div>\n\t\t<\/div>\n\t\t\t\t\t<\/div>\n\t\t<\/section>\n\t\t        \t\t\t<\/div>\n\t\t<\/div>\n\t\t\t\t\t<\/div>\n\t\t<\/section>\n\t\t        \t\t<\/div>\n\t\t","protected":false},"excerpt":{"rendered":"<p>Inauguration du nouveau magasin OZONO Health &#038; Beauty \u00e0 Porto Azzurro, dans la tr\u00e8s centrale Via Vitaliani 16, avec une double entr\u00e9e \u00e9galement sur Via d&rsquo;Alarcon.<\/p>\n","protected":false},"author":4,"featured_media":5909,"comment_status":"open","ping_status":"open","sticky":false,"template":"","format":"standard","meta":{"_acf_changed":false,"footnotes":""},"categories":[178],"tags":[],"class_list":["post-5908","post","type-post","status-publish","format-standard","has-post-thumbnail","hentry","category-evenements"],"acf":[],"_links":{"self":[{"href":"https:\/\/www.ozono-hb.it\/fr\/wp-json\/wp\/v2\/posts\/5908","targetHints":{"allow":["GET"]}}],"collection":[{"href":"https:\/\/www.ozono-hb.it\/fr\/wp-json\/wp\/v2\/posts"}],"about":[{"href":"https:\/\/www.ozono-hb.it\/fr\/wp-json\/wp\/v2\/types\/post"}],"author":[{"embeddable":true,"href":"https:\/\/www.ozono-hb.it\/fr\/wp-json\/wp\/v2\/users\/4"}],"replies":[{"embeddable":true,"href":"https:\/\/www.ozono-hb.it\/fr\/wp-json\/wp\/v2\/comments?post=5908"}],"version-history":[{"count":5,"href":"https:\/\/www.ozono-hb.it\/fr\/wp-json\/wp\/v2\/posts\/5908\/revisions"}],"predecessor-version":[{"id":5914,"href":"https:\/\/www.ozono-hb.it\/fr\/wp-json\/wp\/v2\/posts\/5908\/revisions\/5914"}],"wp:featuredmedia":[{"embeddable":true,"href":"https:\/\/www.ozono-hb.it\/fr\/wp-json\/wp\/v2\/media\/5909"}],"wp:attachment":[{"href":"https:\/\/www.ozono-hb.it\/fr\/wp-json\/wp\/v2\/media?parent=5908"}],"wp:term":[{"taxonomy":"category","embeddable":true,"href":"https:\/\/www.ozono-hb.it\/fr\/wp-json\/wp\/v2\/categories?post=5908"},{"taxonomy":"post_tag","embeddable":true,"href":"https:\/\/www.ozono-hb.it\/fr\/wp-json\/wp\/v2\/tags?post=5908"}],"curies":[{"name":"wp","href":"https:\/\/api.w.org\/{rel}","templated":true}]}}