{"id":5944,"date":"2017-09-28T10:32:00","date_gmt":"2017-09-28T08:32:00","guid":{"rendered":"http:\/\/ozono.youelba.com\/congresso-mondiale-di-ozono-terapia-in-medicina-odontoiatria-e-veterinaria-ancona\/"},"modified":"2023-08-25T12:26:02","modified_gmt":"2023-08-25T10:26:02","slug":"congres-mondial-dozonotherapie-en-medecine-dentisterie-et-medecine-veterinaire-ancone","status":"publish","type":"post","link":"https:\/\/www.ozono-hb.it\/fr\/congres-mondial-dozonotherapie-en-medecine-dentisterie-et-medecine-veterinaire-ancone\/","title":{"rendered":"Congr\u00e8s mondial d&rsquo;ozonoth\u00e9rapie en m\u00e9decine, dentisterie et m\u00e9decine v\u00e9t\u00e9rinaire &#8211; Anc\u00f4ne"},"content":{"rendered":"\t\t<div data-elementor-type=\"wp-post\" data-elementor-id=\"5944\" class=\"elementor elementor-5944 elementor-3756\" data-elementor-post-type=\"post\">\n\t\t\t\t\t\t<section class=\"elementor-section elementor-top-section elementor-element elementor-element-cebeb46 elementor-section-boxed elementor-section-height-default elementor-section-height-default\" data-id=\"cebeb46\" data-element_type=\"section\">\n\t\t\t\t\t\t<div class=\"elementor-container elementor-column-gap-extended\">\n\t\t\t\t\t<div class=\"elementor-column elementor-col-100 elementor-top-column elementor-element elementor-element-c3d8a29\" data-id=\"c3d8a29\" data-element_type=\"column\">\n\t\t\t<div class=\"elementor-widget-wrap elementor-element-populated\">\n\t\t\t\t\t\t<section class=\"elementor-section elementor-inner-section elementor-element elementor-element-235e4ce elementor-section-boxed elementor-section-height-default elementor-section-height-default\" data-id=\"235e4ce\" data-element_type=\"section\">\n\t\t\t\t\t\t<div class=\"elementor-container elementor-column-gap-extended\">\n\t\t\t\t\t<div class=\"elementor-column elementor-col-100 elementor-inner-column elementor-element elementor-element-2995948\" data-id=\"2995948\" data-element_type=\"column\">\n\t\t\t<div class=\"elementor-widget-wrap elementor-element-populated\">\n\t\t\t\t\t\t<div class=\"elementor-element elementor-element-0459021 elementor-widget elementor-widget-text-editor\" data-id=\"0459021\" data-element_type=\"widget\" data-widget_type=\"text-editor.default\">\n\t\t\t\t<div class=\"elementor-widget-container\">\n\t\t\t\t\t\t\t\t\t<p>Organis\u00e9 par F.I.O. &#8211; F\u00e9d\u00e9ration Italienne de Th\u00e9rapie Oxyg\u00e8ne-Ozone et pr\u00e9sid\u00e9e par le prof. Lamberto Re, s&rsquo;est tenu les 22-23-24 septembre 2017 le Congr\u00e8s Mondial des Ozonoth\u00e9rapeutes, dans les locaux du dix-huiti\u00e8me si\u00e8cle de la Mole Vanvitelliana \u00e0 Anc\u00f4ne.<\/p>\t\t\t\t\t\t\t\t<\/div>\n\t\t\t\t<\/div>\n\t\t\t\t<div class=\"elementor-element elementor-element-d6bf11c elementor-widget elementor-widget-text-editor\" data-id=\"d6bf11c\" data-element_type=\"widget\" data-widget_type=\"text-editor.default\">\n\t\t\t\t<div class=\"elementor-widget-container\">\n\t\t\t\t\t\t\t\t\t<p>Notre soci\u00e9t\u00e9 a particip\u00e9 avec son propre corner, et a \u00e9t\u00e9 en mesure de pr\u00e9senter et faire tester la ligne dermo-cosm\u00e9tique <strong>OZONO Health &amp; Beauty<\/strong> pour environ 250 m\u00e9decins pr\u00e9sents, provenant de 29 pays du monde.<\/p>\t\t\t\t\t\t\t\t<\/div>\n\t\t\t\t<\/div>\n\t\t\t\t<div class=\"elementor-element elementor-element-c35c7cc elementor-widget elementor-widget-text-editor\" data-id=\"c35c7cc\" data-element_type=\"widget\" data-widget_type=\"text-editor.default\">\n\t\t\t\t<div class=\"elementor-widget-container\">\n\t\t\t\t\t\t\t\t\t<p>Les produits ont trouv\u00e9 le vif int\u00e9r\u00eat du monde m\u00e9dical sp\u00e9cialis\u00e9, qui conna\u00eet de mani\u00e8re tr\u00e8s professionnelle et scientifique les multiples propri\u00e9t\u00e9s th\u00e9rapeutiques de l&rsquo;ozone. Cet \u00e9l\u00e9ment naturel offre d&rsquo;excellents r\u00e9sultats sur l&rsquo;\u00e9piderme, en renouvelant le tissu cellulaire, en r\u00e9activant la microcirculation, en favorisant la production de collag\u00e8ne et d&rsquo;\u00e9lastine, etc. L&rsquo;huile ozon\u00e9e utilis\u00e9e comme ingr\u00e9dient actif dans toute notre gamme, savamment m\u00e9lang\u00e9e avec d&rsquo;autres ingr\u00e9dients s\u00e9lectionn\u00e9s de haute qualit\u00e9, permet une lib\u00e9ration progressive d&rsquo;ozonates, capables de r\u00e9aliser une activit\u00e9 biologique de soin de la peau.<\/p>\t\t\t\t\t\t\t\t<\/div>\n\t\t\t\t<\/div>\n\t\t\t\t<div class=\"elementor-element elementor-element-2372f4a elementor-widget elementor-widget-text-editor\" data-id=\"2372f4a\" data-element_type=\"widget\" data-widget_type=\"text-editor.default\">\n\t\t\t\t<div class=\"elementor-widget-container\">\n\t\t\t\t\t\t\t\t\t<p>En particulier, le dernier n\u00e9 a \u00e9t\u00e9 appr\u00e9ci\u00e9 : OliOzono, une lotion huileuse \u00e0 forte concentration d&rsquo;huile ozon\u00e9e, propre \u00e0 favoriser naturellement la cicatrisation de la peau, la r\u00e9paration des plaies et des br\u00fblures, la lutte contre les coups de soleil, les dermatites, etc.<\/p>\t\t\t\t\t\t\t\t<\/div>\n\t\t\t\t<\/div>\n\t\t\t\t<div class=\"elementor-element elementor-element-ad0bdde elementor-widget elementor-widget-text-editor\" data-id=\"ad0bdde\" data-element_type=\"widget\" data-widget_type=\"text-editor.default\">\n\t\t\t\t<div class=\"elementor-widget-container\">\n\t\t\t\t\t\t\t\t\tLe succ\u00e8s \u00e0 cette occasion est une confirmation suppl\u00e9mentaire que nous avons adopt\u00e9 une philosophie tr\u00e8s innovante, avec des r\u00e9sultats concrets qui vont bien au-del\u00e0 de la cosm\u00e9tique traditionnelle, nous encadrant dans les producteurs cosm\u00e9ceutiques.\t\t\t\t\t\t\t\t<\/div>\n\t\t\t\t<\/div>\n\t\t\t\t<div class=\"elementor-element elementor-element-fa50189 elementor-widget elementor-widget-image\" data-id=\"fa50189\" data-element_type=\"widget\" data-widget_type=\"image.default\">\n\t\t\t\t<div class=\"elementor-widget-container\">\n\t\t\t\t\t\t\t\t\t\t\t\t\t\t\t<img fetchpriority=\"high\" decoding=\"async\" width=\"540\" height=\"960\" src=\"data:image\/gif;base64,R0lGODlhAQABAIAAAAAAAP\/\/\/yH5BAEAAAAALAAAAAABAAEAAAIBRAA7\" srcset=\"\" data-gaussholder=\"AAwDAQACEQMRAD8AyfDnhybX9QS1tGUyyAkK+0AY9\/oDXxN5N2R9S2krs9X0r4Y6oI0DvZqw7+Zn9MVUaU73M3Wge1\/DfwrLpD5ufImUrglTn9MV9Lgas4xcWeFjIwqtaHpf2eEHiJP++RXo80u5wewor7C+5B9mh\/54x\/8AfIo5pdw+r0f5F9yPiH4dKIPEulRtFt2bwHxjIaM\/1r4Wm25n11TSB9CWgI67hn0BrvR5zZtRahfaZaibT0E0i7jtccEBGPP5V3YecoyVtTlqpNPWxpeCfGzeJp7iCfZ5kS7gUjZQcEZ69eor06NZVb6Wsc06U6TV3dM7Ougg+DPBusIfEejqyxsfPVQ2BwWyMj6\/1r4SkrSPqavwM6PSfjVfR\/Ey803VhZW\/hhZ5rWOVnKvG0Q5kZicbSVYY7Aj0NexGMXGyve1\/+AebKnJQ9p0vY9+j8XaV4etI9U1W6SPTADI1wG3Ls8tjkYznIHGPWt8PLkqJProcdRXi32PnLV\/ju3wt8d3E2ixDUEuTuu7edimIjyqjk4Y5BzjsOOTn2aGH5Jyvszkq1W6aXVHZ\/wDDcmgf9Czef+Baf\/E12+xj\/N+H\/BOT2tT+X8f+AeGaFqJi1rRXj2q5uotr9VyWA9a\/PKUbSPs670dzwy41U6pFqt9PfRWxCsZYZZTuM5VgSFAOSTxn359a+rp4dxkl2\/I8eeJThY+k18Z2kX7NPhy4\/e3MdpJa290jLgkCTa6j1GMj6Vg4NY1J97\/gzKD\/AHTa6r9TwTxxZ3t7pFv40u9X0y8uNXvWae2gvRJNBvyVVo8ZTG1up6FcV9AtWea2cR9sf+8auwtD7gf+07wxw6X4Lmt7kIjlbiS2gMYcNt3fMSD8h9xiviKOHa0PeqVE9bnzsf2UvG+t6jey6ZZbX2eagncIpdmyV3HAwAeozn27fUYeVSq+XlseZXVKlHn57+X5kWr+KZ\/B\/g+1+H+vaWxuNM1FkvJIL2OYSSK8nCoOgDleSedvHWhUv9pc5PYmMv3KstzxEqbiY8kANgV2RV2YS0RsfZG9R+ddnszn9oz9Kb1FTX7i6nMUEcqW8fmebjLRO7cD0+cj3zivkXObhdqyWn4anppR5rLX+tDx\/wAd\/E7TfDWprZ6prb3sU0ZdDbRwytbPuOUcPuLA5GMFTweucj6KNaEoaLVHiYXD1qStKV07v73+h4n47+K2l+LY7SCC0ntIonNy5DHH2kEkMASRtOQD0x1HTmanJUlz\/aO2jGpTi4PZnl\/h\/wAF6vrNxJ9ms5IraACSa5lRljjBGU3Njjdxj1z6c1LrQo2cjeFGdb3YnWf8K28Rf9A1vzFdv1uh3MvqVf8ApowNe+JHifxUSfEGuXt9z9x5iEH0QcD8q8tRS6HSklqjm3uG43E+o5qkMgluSEfAJB71cSGfbPw98QWmseBvC+h6bIou7qwUMdm4R7YyTkep215FWm6mKk10V\/uOqnNUsOr9X+bO1\/4QHUv+g3d\/ktdd6vZHPzw7s\/OtWO4c9q6RoR2PzfhQhDHOYm9\/\/r1RJ9AfB29uYbLSpbadoJ4LaRopVAJRgrYIyCOPcEUYWKljLPqn+Rlim1hL+a\/M9D\/4Wr41\/wChhl\/8A7b\/AON17H1emeX7WR\/\/2Q==,33,60\" data-gaussholder-size=\"540,960,16\" data-originalsrc=\"https:\/\/www.ozono-hb.it\/wp-content\/uploads\/2023\/06\/evento-ancona.jpg\" class=\"attachment-large size-large wp-image-5952\" alt=\"\" data-originalsrcset=\"https:\/\/www.ozono-hb.it\/wp-content\/uploads\/2023\/06\/evento-ancona.jpg 540w, https:\/\/www.ozono-hb.it\/wp-content\/uploads\/2023\/06\/evento-ancona-400x711.jpg 400w, https:\/\/www.ozono-hb.it\/wp-content\/uploads\/2023\/06\/evento-ancona-338x600.jpg 338w, https:\/\/www.ozono-hb.it\/wp-content\/uploads\/2023\/06\/evento-ancona-169x300.jpg 169w\" sizes=\"(max-width: 540px) 100vw, 540px\" data-gaussholder-id=\"5952\" \/>\t\t\t\t\t\t\t\t\t\t\t\t\t\t\t<\/div>\n\t\t\t\t<\/div>\n\t\t\t\t\t<\/div>\n\t\t<\/div>\n\t\t\t\t\t<\/div>\n\t\t<\/section>\n\t\t        \t\t\t<\/div>\n\t\t<\/div>\n\t\t\t\t\t<\/div>\n\t\t<\/section>\n\t\t        \t\t<\/div>\n\t\t","protected":false},"excerpt":{"rendered":"<p>Le Congr\u00e8s Mondial des Ozonoth\u00e9rapeutes s&rsquo;est tenu les 22-23-24 septembre 2017 dans les locaux du dix-huiti\u00e8me si\u00e8cle de la Mole Vanvitelliana \u00e0 Anc\u00f4ne.<\/p>\n","protected":false},"author":4,"featured_media":5945,"comment_status":"open","ping_status":"open","sticky":false,"template":"","format":"standard","meta":{"_acf_changed":false,"footnotes":""},"categories":[178],"tags":[],"class_list":["post-5944","post","type-post","status-publish","format-standard","has-post-thumbnail","hentry","category-evenements"],"acf":[],"_links":{"self":[{"href":"https:\/\/www.ozono-hb.it\/fr\/wp-json\/wp\/v2\/posts\/5944","targetHints":{"allow":["GET"]}}],"collection":[{"href":"https:\/\/www.ozono-hb.it\/fr\/wp-json\/wp\/v2\/posts"}],"about":[{"href":"https:\/\/www.ozono-hb.it\/fr\/wp-json\/wp\/v2\/types\/post"}],"author":[{"embeddable":true,"href":"https:\/\/www.ozono-hb.it\/fr\/wp-json\/wp\/v2\/users\/4"}],"replies":[{"embeddable":true,"href":"https:\/\/www.ozono-hb.it\/fr\/wp-json\/wp\/v2\/comments?post=5944"}],"version-history":[{"count":5,"href":"https:\/\/www.ozono-hb.it\/fr\/wp-json\/wp\/v2\/posts\/5944\/revisions"}],"predecessor-version":[{"id":5956,"href":"https:\/\/www.ozono-hb.it\/fr\/wp-json\/wp\/v2\/posts\/5944\/revisions\/5956"}],"wp:featuredmedia":[{"embeddable":true,"href":"https:\/\/www.ozono-hb.it\/fr\/wp-json\/wp\/v2\/media\/5945"}],"wp:attachment":[{"href":"https:\/\/www.ozono-hb.it\/fr\/wp-json\/wp\/v2\/media?parent=5944"}],"wp:term":[{"taxonomy":"category","embeddable":true,"href":"https:\/\/www.ozono-hb.it\/fr\/wp-json\/wp\/v2\/categories?post=5944"},{"taxonomy":"post_tag","embeddable":true,"href":"https:\/\/www.ozono-hb.it\/fr\/wp-json\/wp\/v2\/tags?post=5944"}],"curies":[{"name":"wp","href":"https:\/\/api.w.org\/{rel}","templated":true}]}}